{"id":1292,"date":"2011-10-12T11:20:09","date_gmt":"2011-10-12T08:20:09","guid":{"rendered":"http:\/\/www.jukkatakalo.fi\/?p=1292"},"modified":"2011-12-12T00:50:52","modified_gmt":"2011-12-11T22:50:52","slug":"jait-mateen-taa","status":"publish","type":"post","link":"http:\/\/www.jukkatakalo.fi\/?p=1292","title":{"rendered":"J\u00e4it mateen taa"},"content":{"rendered":"<p><a href=\"http:\/\/www.jukkatakalo.fi\/wp\/wp-content\/uploads\/2011\/10\/nakujuki1syntinen.jpg\"><img decoding=\"async\" loading=\"lazy\" class=\"alignright size-medium wp-image-1299\" title=\"nakujuki1syntinen\" src=\"http:\/\/www.jukkatakalo.fi\/wp\/wp-content\/uploads\/2011\/10\/nakujuki1syntinen-300x254.jpg\" alt=\"\" width=\"300\" height=\"254\" srcset=\"http:\/\/www.jukkatakalo.fi\/wp\/wp-content\/uploads\/2011\/10\/nakujuki1syntinen-300x254.jpg 300w, http:\/\/www.jukkatakalo.fi\/wp\/wp-content\/uploads\/2011\/10\/nakujuki1syntinen-150x127.jpg 150w, http:\/\/www.jukkatakalo.fi\/wp\/wp-content\/uploads\/2011\/10\/nakujuki1syntinen-400x339.jpg 400w, http:\/\/www.jukkatakalo.fi\/wp\/wp-content\/uploads\/2011\/10\/nakujuki1syntinen.jpg 919w\" sizes=\"(max-width: 300px) 100vw, 300px\" \/><\/a>Tervehdys Suomen kansa!<\/p>\n<p>Pienimuotoinen keikkatauko jatkuu marraskuun alkup\u00e4iville saakka ja niinp\u00e4 onkin ollut aikaa hioa kuvioita seuraavaa albumia varten. Kyll\u00e4, nyt ei ole tarkoitus odotella sit\u00e4 5-6 vuotta, vaan ihan jo\u00a0ensi vuonna Levykauppa \u00c4x\u00e4n pojat ovat taas lompakoillanne. CD kannattaa julkaista kun niit\u00e4 viel\u00e4 julkaistaan. Kun niit\u00e4 ei en\u00e4\u00e4 julkaista, pit\u00e4\u00e4 paksuntaa kansivihkoja ja julkaista niit\u00e4, musahan virtailee striimein\u00e4 ja sanat tulevat riimein\u00e4. Hmm.. striimej\u00e4\/riimej\u00e4, onkohan t\u00e4t\u00e4 kukaan viel\u00e4 k\u00e4ytt\u00e4nyt? No, h\u00e4n joka haluaa vastaanottaa artistikuulumisia tiuhempaan, kannattaa klikata Facebookin <span style=\"color: #ff6600;\"><strong><a href=\"http:\/\/www.facebook.com\/jukkatakalo#!\/jukkatakalo\"><span style=\"color: #ff6600;\">JT artistisivuille<\/span><\/a><\/strong><\/span>, niin kauan kuin viel\u00e4 facebookkeja on.<\/p>\n<p>Harvinaisempaa ja julkaisematonta biisimateriaalia, mm. demoja, on saatavilla nyt my\u00f6s <span style=\"color: #ff6600;\"><strong><a href=\"http:\/\/fi.equaldreams.com\/vastarannanvalinta\"><span style=\"color: #ff6600;\">Vastarannan valinnassa<\/span><\/a><\/strong><\/span>. Se on artistin oma nettikauppa <span style=\"color: #ff6600;\"><strong><a href=\"http:\/\/fi.equaldreams.com\/\"><span style=\"color: #ff6600;\">Equal Dreams<\/span><\/a><\/strong><\/span> -palvelussa. Tuotto menee suoraan artistille itselleen, vain 15 sentti\u00e4 yhdest\u00e4 eurosta menee kuluihin. Loput menev\u00e4t lauluntekemisen kuluihin.<\/p>\n<p>Viimeisimm\u00e4n syysmyrskyn aikana \u00e4\u00e4nitin myrsky\u00e4 sek\u00e4 Syntinen -nimisen mustanpuhuvan kappaleen, joka ei mill\u00e4\u00e4n tavalla ennakoi tulevaa aurinkoista poplevy\u00e4 ja julkaistuu nyt siksi tuolla Vastarannan valinnassa.<\/p>\n","protected":false},"excerpt":{"rendered":"<p>Tervehdys Suomen kansa! Pienimuotoinen keikkatauko jatkuu marraskuun alkup\u00e4iville saakka ja niinp\u00e4 onkin ollut aikaa hioa kuvioita seuraavaa albumia varten. Kyll\u00e4, nyt ei ole tarkoitus odotella sit\u00e4 5-6 vuotta, vaan ihan jo\u00a0ensi vuonna Levykauppa \u00c4x\u00e4n pojat ovat taas lompakoillanne. CD kannattaa &hellip; <a href=\"http:\/\/www.jukkatakalo.fi\/?p=1292\">Continue reading <span class=\"meta-nav\">&rarr;<\/span><\/a><\/p>\n","protected":false},"author":1,"featured_media":0,"comment_status":"open","ping_status":"open","sticky":false,"template":"","format":"standard","meta":[],"categories":[1],"tags":[],"_links":{"self":[{"href":"http:\/\/www.jukkatakalo.fi\/index.php?rest_route=\/wp\/v2\/posts\/1292"}],"collection":[{"href":"http:\/\/www.jukkatakalo.fi\/index.php?rest_route=\/wp\/v2\/posts"}],"about":[{"href":"http:\/\/www.jukkatakalo.fi\/index.php?rest_route=\/wp\/v2\/types\/post"}],"author":[{"embeddable":true,"href":"http:\/\/www.jukkatakalo.fi\/index.php?rest_route=\/wp\/v2\/users\/1"}],"replies":[{"embeddable":true,"href":"http:\/\/www.jukkatakalo.fi\/index.php?rest_route=%2Fwp%2Fv2%2Fcomments&post=1292"}],"version-history":[{"count":13,"href":"http:\/\/www.jukkatakalo.fi\/index.php?rest_route=\/wp\/v2\/posts\/1292\/revisions"}],"predecessor-version":[{"id":1302,"href":"http:\/\/www.jukkatakalo.fi\/index.php?rest_route=\/wp\/v2\/posts\/1292\/revisions\/1302"}],"wp:attachment":[{"href":"http:\/\/www.jukkatakalo.fi\/index.php?rest_route=%2Fwp%2Fv2%2Fmedia&parent=1292"}],"wp:term":[{"taxonomy":"category","embeddable":true,"href":"http:\/\/www.jukkatakalo.fi\/index.php?rest_route=%2Fwp%2Fv2%2Fcategories&post=1292"},{"taxonomy":"post_tag","embeddable":true,"href":"http:\/\/www.jukkatakalo.fi\/index.php?rest_route=%2Fwp%2Fv2%2Ftags&post=1292"}],"curies":[{"name":"wp","href":"https:\/\/api.w.org\/{rel}","templated":true}]}}