{"id":3127,"date":"2018-05-11T09:04:57","date_gmt":"2018-05-11T06:04:57","guid":{"rendered":"http:\/\/www.jukkatakalo.fi\/?p=3127"},"modified":"2018-05-11T09:06:14","modified_gmt":"2018-05-11T06:06:14","slug":"kuoleman-nimi-on-saab-96-tour","status":"publish","type":"post","link":"http:\/\/www.jukkatakalo.fi\/?p=3127","title":{"rendered":"Kuoleman nimi on Saab 96 -tour"},"content":{"rendered":"<p><a href=\"http:\/\/www.jukkatakalo.fi\/wp\/wp-content\/uploads\/2018\/05\/Kuoleman-nimi-on-Saab-96-A4-JULKKARITOUR.jpg\"><img decoding=\"async\" loading=\"lazy\" class=\"alignright size-medium wp-image-3128\" src=\"http:\/\/www.jukkatakalo.fi\/wp\/wp-content\/uploads\/2018\/05\/Kuoleman-nimi-on-Saab-96-A4-JULKKARITOUR-212x300.jpg\" alt=\"\" width=\"212\" height=\"300\" srcset=\"http:\/\/www.jukkatakalo.fi\/wp\/wp-content\/uploads\/2018\/05\/Kuoleman-nimi-on-Saab-96-A4-JULKKARITOUR-212x300.jpg 212w, http:\/\/www.jukkatakalo.fi\/wp\/wp-content\/uploads\/2018\/05\/Kuoleman-nimi-on-Saab-96-A4-JULKKARITOUR-768x1086.jpg 768w, http:\/\/www.jukkatakalo.fi\/wp\/wp-content\/uploads\/2018\/05\/Kuoleman-nimi-on-Saab-96-A4-JULKKARITOUR-724x1024.jpg 724w, http:\/\/www.jukkatakalo.fi\/wp\/wp-content\/uploads\/2018\/05\/Kuoleman-nimi-on-Saab-96-A4-JULKKARITOUR.jpg 1488w\" sizes=\"(max-width: 212px) 100vw, 212px\" \/><\/a>&#8220;Kirja on huikee biisi!&#8221;<\/p>\n<p>Kuplettimiehen kirjanjulkaisukiertueen keikat ovat talkshow, runopiiri ja rokkikeikka samassa paketissa. Biisej\u00e4 koko uran varrelta, my\u00f6s sielt\u00e4 alkujuurilta, jonne kirjan tapahtumat sijoittuvat.<\/p>\n<p>11.5. Tampere, Vastavirta klo 22<br \/>\n12.5. Nokia, Siuron Koski-baari klo 19<br \/>\n18.5. Sein\u00e4joki, Kultainen Kulaus klo 22<br \/>\n19.5. Saarij\u00e4rvi, Pub Green Door klo 22<br \/>\n23.5. Haukipudas, p\u00e4\u00e4kirjasto klo 17<br \/>\n25.5. Iisalmi, Graceville klo 22<br \/>\n26.5. Jyv\u00e4skyl\u00e4, Hemingways klo 22<br \/>\n1.6. Rauma, Brummi (Matti Patrosen kanssa)<br \/>\n2.6. TBA<br \/>\n6.6. Oulu, Kirjallisuuden talo klo 18<br \/>\n9.6. Maakinen Martinniemi -piknik klo 18-23<br \/>\n15.6. Tampere, Pub Artturi klo 22<br \/>\n30.6. Haapavesi, HaapavesiFolk klo 22<\/p>\n<p>Jukka Takalon Kuoleman nimi on Saab 96 -romaanissa sukelletaan vuoden pisimp\u00e4n\u00e4 y\u00f6n\u00e4 seuraaviin avaruuksiin ja kaupunkiin j\u00e4\u00e4tik\u00f6n reunalle joskus viime vuosituhannella.<\/p>\n<div class=\"text_exposed_show\">\n<p>\u201dKyll\u00e4h\u00e4n se on merkitt\u00e4v\u00e4 kirja, jos multa kysyt\u00e4\u00e4n. Ei oo mun silmiin ennen osunu niin ter\u00e4v\u00e4n\u00e4k\u00f6ist\u00e4 ajankuvaa sen ajan nuorison el\u00e4m\u00e4st\u00e4 pienell\u00e4 pohjoisella paikkakunnalla\u201d.<\/p>\n<p>\u201dLuin sen yhdelt\u00e4 istumalta\u201d.<\/p>\n<p>Tarinaa kirjasta: <a href=\"http:\/\/bit.ly\/TarinaaKirjasta\" target=\"_blank\" rel=\"nofollow noopener noreferrer\" data-ft=\"{&quot;tn&quot;:&quot;-U&quot;}\" data-lynx-mode=\"asynclazy\" data-lynx-uri=\"https:\/\/l.facebook.com\/l.php?u=http%3A%2F%2Fbit.ly%2FTarinaaKirjasta&amp;h=ATO25N6AAkFWSLmVL4ExzhVfKd2cgV3TQrs0-B4CsczB2GvGLScdFARc-sfFLeh_8A7amZEBKEvAmwtq7HuoDgE0rFAmqmCcp_UKBwUJXZoTI3b5aErGog2Y6K7X2B7QIReUveeATLGaKG3TgYtu5Z2p2g\">http:\/\/bit.ly\/TarinaaKirjasta<\/a><br \/>\nKirjan soittolista: <a href=\"http:\/\/bit.ly\/KuolemanNimiOnSaab96\" target=\"_blank\" rel=\"nofollow noopener noreferrer\" data-ft=\"{&quot;tn&quot;:&quot;-U&quot;}\" data-lynx-mode=\"asynclazy\" data-lynx-uri=\"https:\/\/l.facebook.com\/l.php?u=http%3A%2F%2Fbit.ly%2FKuolemanNimiOnSaab96&amp;h=ATPUOwseRmcd5FTeZzKKkNdYtuO9HJLk57qUaK5dKicZ0A3zydiBu0SHSJpE07WriM0luMApmpYTnalXB1aOMuxv1F44ofozoQkb1rx35BXBNT0fu3HD1FilkkX6rAIrSuz2Z8qtRFx64Lq_8xz7i2_iFQ\">http:\/\/bit.ly\/KuolemanNimiOnSaab96<\/a><\/p>\n<p><a href=\"https:\/\/www.facebook.com\/tours\/1634325296675434\/\" data-ft=\"{&quot;tn&quot;:&quot;-U&quot;}\">https:\/\/www.facebook.com\/tours\/1634325296675434\/<\/a><\/p>\n<p>Kirjaa saa keikoilta sek\u00e4 perinteisist\u00e4 kivijalka- ja nettikirjakaupoista. Jos ei l\u00f6ydy, pyyt\u00e4k\u00e4\u00e4 tilaamaan. My\u00f6s kirjastoihin.<\/p>\n<\/div>\n","protected":false},"excerpt":{"rendered":"<p>&#8220;Kirja on huikee biisi!&#8221; Kuplettimiehen kirjanjulkaisukiertueen keikat ovat talkshow, runopiiri ja rokkikeikka samassa paketissa. Biisej\u00e4 koko uran varrelta, my\u00f6s sielt\u00e4 alkujuurilta, jonne kirjan tapahtumat sijoittuvat. 11.5. Tampere, Vastavirta klo 22 12.5. Nokia, Siuron Koski-baari klo 19 18.5. Sein\u00e4joki, Kultainen Kulaus &hellip; <a href=\"http:\/\/www.jukkatakalo.fi\/?p=3127\">Continue reading <span class=\"meta-nav\">&rarr;<\/span><\/a><\/p>\n","protected":false},"author":1,"featured_media":0,"comment_status":"open","ping_status":"open","sticky":false,"template":"","format":"standard","meta":[],"categories":[1],"tags":[],"_links":{"self":[{"href":"http:\/\/www.jukkatakalo.fi\/index.php?rest_route=\/wp\/v2\/posts\/3127"}],"collection":[{"href":"http:\/\/www.jukkatakalo.fi\/index.php?rest_route=\/wp\/v2\/posts"}],"about":[{"href":"http:\/\/www.jukkatakalo.fi\/index.php?rest_route=\/wp\/v2\/types\/post"}],"author":[{"embeddable":true,"href":"http:\/\/www.jukkatakalo.fi\/index.php?rest_route=\/wp\/v2\/users\/1"}],"replies":[{"embeddable":true,"href":"http:\/\/www.jukkatakalo.fi\/index.php?rest_route=%2Fwp%2Fv2%2Fcomments&post=3127"}],"version-history":[{"count":3,"href":"http:\/\/www.jukkatakalo.fi\/index.php?rest_route=\/wp\/v2\/posts\/3127\/revisions"}],"predecessor-version":[{"id":3131,"href":"http:\/\/www.jukkatakalo.fi\/index.php?rest_route=\/wp\/v2\/posts\/3127\/revisions\/3131"}],"wp:attachment":[{"href":"http:\/\/www.jukkatakalo.fi\/index.php?rest_route=%2Fwp%2Fv2%2Fmedia&parent=3127"}],"wp:term":[{"taxonomy":"category","embeddable":true,"href":"http:\/\/www.jukkatakalo.fi\/index.php?rest_route=%2Fwp%2Fv2%2Fcategories&post=3127"},{"taxonomy":"post_tag","embeddable":true,"href":"http:\/\/www.jukkatakalo.fi\/index.php?rest_route=%2Fwp%2Fv2%2Ftags&post=3127"}],"curies":[{"name":"wp","href":"https:\/\/api.w.org\/{rel}","templated":true}]}}