{"id":3398,"date":"2020-08-10T15:14:40","date_gmt":"2020-08-10T12:14:40","guid":{"rendered":"http:\/\/www.jukkatakalo.fi\/?p=3398"},"modified":"2020-08-10T22:43:01","modified_gmt":"2020-08-10T19:43:01","slug":"kukaan-ei-ole-taydellinen-uusi-sarjakuva-albumi-tulollaan","status":"publish","type":"post","link":"http:\/\/www.jukkatakalo.fi\/?p=3398","title":{"rendered":"Kukaan ei ole t\u00e4ydellinen &#8211; uusi sarjakuva albumi tulollaan!"},"content":{"rendered":"<p><iframe loading=\"lazy\" style=\"border: none; overflow: hidden;\" src=\"https:\/\/www.facebook.com\/plugins\/video.php?href=https%3A%2F%2Fwww.facebook.com%2Fjukkatakalo%2Fvideos%2F669015833824209%2F&amp;show_text=0&amp;width=560\" width=\"560\" height=\"315\" frameborder=\"0\" scrolling=\"no\" allowfullscreen=\"allowfullscreen\"><\/iframe><\/p>\n<div id=\"js_y6\" class=\"_5pbx userContent _3576\" data-testid=\"post_message\" data-ft=\"{&quot;tn&quot;:&quot;K&quot;}\">\n<p>&#8220;Pienyritt\u00e4jyyden, vuokraty\u00f6n ja p\u00e4tk\u00e4ty\u00f6l\u00e4isyyden bermudan kolmiossa Jamo imeytyy kohti markkinatalouden pimeint\u00e4 ydint\u00e4.&#8221;<\/p>\n<p>Kirjoitin tarinan P\u00f6lynimurikauppiaan uusista kuvioista alunperin elokuvak\u00e4sikirjoitukseksi. <a class=\"profileLink\" title=\"Mika Lahtonen\" href=\"https:\/\/www.facebook.com\/Lahtonen?__tn__=K-R&amp;eid=ARAvnwWLSUIpu-Xp4YQqdiYSYVFb0sqzjcv3Olma8Adu_MP-MVEgbj5j__L7TjJYPB2RgFbqdCn581UL&amp;fref=mentions&amp;__xts__%5B0%5D=68.ARBV9ZSpbXauaRnHnUHe0BgQQVwmPOYyH3xHYMiCi7BeMOGoczZoqLZeJoBVcTVKySpXLk_zltX_oYtkBOQMkDidtSD_nOgmkPr3ghNBy16u4F3-GKEOoLX7V8So-c6LJhWelLO93nrnNayj45iUM0aJB9JYLbjhXEQqvxOr-C9pAk9_GHCDWtsoF-BclT1_WHhSctwOHQitsbzXJLWm39yRH4OADOKSjOIkDutUfdXYx5uviOfWQtBsPaNpDBrhYI6lnJVBeUiCyGBYhbMiP1lwt2SJ91h3WrMDg0es_AXrEoRXLcUwTweEKlgkohG-r5KNmiW6SnOtwDbSvODt-hT4YK-s70k3\" data-hovercard=\"\/ajax\/hovercard\/user.php?id=618762346&amp;extragetparams=%7B%22__tn__%22%3A%22%2CdK-R-R%22%2C%22eid%22%3A%22ARAvnwWLSUIpu-Xp4YQqdiYSYVFb0sqzjcv3Olma8Adu_MP-MVEgbj5j__L7TjJYPB2RgFbqdCn581UL%22%2C%22fref%22%3A%22mentions%22%7D\" data-hovercard-prefer-more-content-show=\"1\">Mika Lahtonen<\/a> innostui piirt\u00e4m\u00e4\u00e4n tarinasta esikoisalbuminsa!<\/p>\n<p>5.9.2020 julkaisup\u00e4iv\u00e4!<\/p>\n<\/div>\n","protected":false},"excerpt":{"rendered":"<p>&#8220;Pienyritt\u00e4jyyden, vuokraty\u00f6n ja p\u00e4tk\u00e4ty\u00f6l\u00e4isyyden bermudan kolmiossa Jamo imeytyy kohti markkinatalouden pimeint\u00e4 ydint\u00e4.&#8221; Kirjoitin tarinan P\u00f6lynimurikauppiaan uusista kuvioista alunperin elokuvak\u00e4sikirjoitukseksi. Mika Lahtonen innostui piirt\u00e4m\u00e4\u00e4n tarinasta esikoisalbuminsa! 5.9.2020 julkaisup\u00e4iv\u00e4!<\/p>\n","protected":false},"author":1,"featured_media":0,"comment_status":"open","ping_status":"open","sticky":false,"template":"","format":"standard","meta":[],"categories":[1],"tags":[],"_links":{"self":[{"href":"http:\/\/www.jukkatakalo.fi\/index.php?rest_route=\/wp\/v2\/posts\/3398"}],"collection":[{"href":"http:\/\/www.jukkatakalo.fi\/index.php?rest_route=\/wp\/v2\/posts"}],"about":[{"href":"http:\/\/www.jukkatakalo.fi\/index.php?rest_route=\/wp\/v2\/types\/post"}],"author":[{"embeddable":true,"href":"http:\/\/www.jukkatakalo.fi\/index.php?rest_route=\/wp\/v2\/users\/1"}],"replies":[{"embeddable":true,"href":"http:\/\/www.jukkatakalo.fi\/index.php?rest_route=%2Fwp%2Fv2%2Fcomments&post=3398"}],"version-history":[{"count":2,"href":"http:\/\/www.jukkatakalo.fi\/index.php?rest_route=\/wp\/v2\/posts\/3398\/revisions"}],"predecessor-version":[{"id":3401,"href":"http:\/\/www.jukkatakalo.fi\/index.php?rest_route=\/wp\/v2\/posts\/3398\/revisions\/3401"}],"wp:attachment":[{"href":"http:\/\/www.jukkatakalo.fi\/index.php?rest_route=%2Fwp%2Fv2%2Fmedia&parent=3398"}],"wp:term":[{"taxonomy":"category","embeddable":true,"href":"http:\/\/www.jukkatakalo.fi\/index.php?rest_route=%2Fwp%2Fv2%2Fcategories&post=3398"},{"taxonomy":"post_tag","embeddable":true,"href":"http:\/\/www.jukkatakalo.fi\/index.php?rest_route=%2Fwp%2Fv2%2Ftags&post=3398"}],"curies":[{"name":"wp","href":"https:\/\/api.w.org\/{rel}","templated":true}]}}