{"id":898,"date":"2011-01-13T15:05:32","date_gmt":"2011-01-13T13:05:32","guid":{"rendered":"http:\/\/www.jukkatakalo.fi\/?p=898"},"modified":"2011-01-13T15:26:40","modified_gmt":"2011-01-13T13:26:40","slug":"fyysisia-levyja-ja-laulujen-lunnaat","status":"publish","type":"post","link":"http:\/\/www.jukkatakalo.fi\/?p=898","title":{"rendered":"Fyysisi\u00e4 levyj\u00e4 ja laulujen lunnaat"},"content":{"rendered":"<p>Digipack! Onpas miellytt\u00e4v\u00e4n tuntuinen esine t\u00e4m\u00e4 oikea ja fyysinen Vastarannan laulut -levy.<\/p>\n<p>Jos tilaat sen nyt, Epesin ja \u00c4x\u00e4n diilerit lupaavat ett\u00e4 posti tuo sen sinulle heti julkaisup\u00e4iv\u00e4n\u00e4 eli keskiviikkona 2.2.2011. Seh\u00e4n on alle kolmen viikon p\u00e4\u00e4st\u00e4!<\/p>\n<p>Siihen asti voit hekumoida l\u00e4hitulevaisuudessa omistamaasi graalin maljaa lukemalla artistin itsens\u00e4 kertomuksia Vastarannan laulujen synnyst\u00e4. Klikkaa <a href=\"http:\/\/www.jukkatakalo.fi\/?page_id=814\"><span style=\"color: #ff6600;\">t\u00e4st\u00e4<\/span><\/a> tai tuolta vasemmalta sanatrio&#8217;a &#8220;Vastarannan laulujen lunnaat&#8221; .<\/p>\n<p>Tilaa kev\u00e4\u00e4si valo Epe&#8217;silt\u00e4 klikkaamalla <a href=\"http:\/\/www.epes.fi\/fi\/product_details.php?p=15652\"><span style=\"color: #ff6600;\">Vastarannan laulut<\/span><\/a><\/p>\n<p>tai Levykauppa \u00c4x\u00e4st\u00e4 klikkauttain <a href=\"http:\/\/www.levykauppax.fi\/artist\/takalo_jukka\/vastarannan_laulut\/#cd\"><span style=\"color: #ff9900;\">Vastarannan laulut<\/span><\/a><\/p>\n<p><span style=\"color: #ff9900;\"><span style=\"color: #000000;\"><br \/>\n<\/span><\/span><\/p>\n<p><span style=\"color: #ff9900;\"><a href=\"http:\/\/www.jukkatakalo.fi\/wp\/wp-content\/uploads\/2011\/01\/VAstarannan-kannet1.jpg\"><img decoding=\"async\" loading=\"lazy\" class=\"alignleft size-medium wp-image-904\" title=\"takalo_kaikki-2.fh11\" src=\"http:\/\/www.jukkatakalo.fi\/wp\/wp-content\/uploads\/2011\/01\/VAstarannan-kannet1-300x267.jpg\" alt=\"\" width=\"180\" height=\"160\" srcset=\"http:\/\/www.jukkatakalo.fi\/wp\/wp-content\/uploads\/2011\/01\/VAstarannan-kannet1-300x267.jpg 300w, http:\/\/www.jukkatakalo.fi\/wp\/wp-content\/uploads\/2011\/01\/VAstarannan-kannet1-1024x913.jpg 1024w, http:\/\/www.jukkatakalo.fi\/wp\/wp-content\/uploads\/2011\/01\/VAstarannan-kannet1-150x133.jpg 150w, http:\/\/www.jukkatakalo.fi\/wp\/wp-content\/uploads\/2011\/01\/VAstarannan-kannet1-400x357.jpg 400w, http:\/\/www.jukkatakalo.fi\/wp\/wp-content\/uploads\/2011\/01\/VAstarannan-kannet1.jpg 1098w\" sizes=\"(max-width: 180px) 100vw, 180px\" \/><\/a><br \/>\n<a href=\"http:\/\/www.jukkatakalo.fi\/wp\/wp-content\/uploads\/2011\/01\/fyysinen-levy.jpg\"><img decoding=\"async\" loading=\"lazy\" class=\"alignright size-medium wp-image-899\" title=\"fyysinen levy\" src=\"http:\/\/www.jukkatakalo.fi\/wp\/wp-content\/uploads\/2011\/01\/fyysinen-levy-300x280.jpg\" alt=\"\" width=\"300\" height=\"280\" srcset=\"http:\/\/www.jukkatakalo.fi\/wp\/wp-content\/uploads\/2011\/01\/fyysinen-levy-300x280.jpg 300w, http:\/\/www.jukkatakalo.fi\/wp\/wp-content\/uploads\/2011\/01\/fyysinen-levy-1024x958.jpg 1024w, http:\/\/www.jukkatakalo.fi\/wp\/wp-content\/uploads\/2011\/01\/fyysinen-levy-150x140.jpg 150w, http:\/\/www.jukkatakalo.fi\/wp\/wp-content\/uploads\/2011\/01\/fyysinen-levy-400x374.jpg 400w\" sizes=\"(max-width: 300px) 100vw, 300px\" \/><\/a><\/span><\/p>\n<p><span style=\"color: #ff9900;\"><a href=\"http:\/\/www.jukkatakalo.fi\/wp\/wp-content\/uploads\/2011\/01\/VAstarannan-kansi-sofcd015.jpg\"><img decoding=\"async\" loading=\"lazy\" class=\"alignleft size-medium wp-image-905\" title=\"VAstarannan kansi sofcd015\" src=\"http:\/\/www.jukkatakalo.fi\/wp\/wp-content\/uploads\/2011\/01\/VAstarannan-kansi-sofcd015-300x268.jpg\" alt=\"\" width=\"180\" height=\"161\" srcset=\"http:\/\/www.jukkatakalo.fi\/wp\/wp-content\/uploads\/2011\/01\/VAstarannan-kansi-sofcd015-300x268.jpg 300w, http:\/\/www.jukkatakalo.fi\/wp\/wp-content\/uploads\/2011\/01\/VAstarannan-kansi-sofcd015-1024x917.jpg 1024w, http:\/\/www.jukkatakalo.fi\/wp\/wp-content\/uploads\/2011\/01\/VAstarannan-kansi-sofcd015-150x134.jpg 150w, http:\/\/www.jukkatakalo.fi\/wp\/wp-content\/uploads\/2011\/01\/VAstarannan-kansi-sofcd015-400x358.jpg 400w, http:\/\/www.jukkatakalo.fi\/wp\/wp-content\/uploads\/2011\/01\/VAstarannan-kansi-sofcd015.jpg 1926w\" sizes=\"(max-width: 180px) 100vw, 180px\" \/><\/a><br \/>\n<\/span><\/p>\n","protected":false},"excerpt":{"rendered":"<p>Digipack! Onpas miellytt\u00e4v\u00e4n tuntuinen esine t\u00e4m\u00e4 oikea ja fyysinen Vastarannan laulut -levy. Jos tilaat sen nyt, Epesin ja \u00c4x\u00e4n diilerit lupaavat ett\u00e4 posti tuo sen sinulle heti julkaisup\u00e4iv\u00e4n\u00e4 eli keskiviikkona 2.2.2011. Seh\u00e4n on alle kolmen viikon p\u00e4\u00e4st\u00e4! Siihen asti voit &hellip; <a href=\"http:\/\/www.jukkatakalo.fi\/?p=898\">Continue reading <span class=\"meta-nav\">&rarr;<\/span><\/a><\/p>\n","protected":false},"author":1,"featured_media":0,"comment_status":"open","ping_status":"open","sticky":false,"template":"","format":"standard","meta":[],"categories":[1],"tags":[],"_links":{"self":[{"href":"http:\/\/www.jukkatakalo.fi\/index.php?rest_route=\/wp\/v2\/posts\/898"}],"collection":[{"href":"http:\/\/www.jukkatakalo.fi\/index.php?rest_route=\/wp\/v2\/posts"}],"about":[{"href":"http:\/\/www.jukkatakalo.fi\/index.php?rest_route=\/wp\/v2\/types\/post"}],"author":[{"embeddable":true,"href":"http:\/\/www.jukkatakalo.fi\/index.php?rest_route=\/wp\/v2\/users\/1"}],"replies":[{"embeddable":true,"href":"http:\/\/www.jukkatakalo.fi\/index.php?rest_route=%2Fwp%2Fv2%2Fcomments&post=898"}],"version-history":[{"count":8,"href":"http:\/\/www.jukkatakalo.fi\/index.php?rest_route=\/wp\/v2\/posts\/898\/revisions"}],"predecessor-version":[{"id":903,"href":"http:\/\/www.jukkatakalo.fi\/index.php?rest_route=\/wp\/v2\/posts\/898\/revisions\/903"}],"wp:attachment":[{"href":"http:\/\/www.jukkatakalo.fi\/index.php?rest_route=%2Fwp%2Fv2%2Fmedia&parent=898"}],"wp:term":[{"taxonomy":"category","embeddable":true,"href":"http:\/\/www.jukkatakalo.fi\/index.php?rest_route=%2Fwp%2Fv2%2Fcategories&post=898"},{"taxonomy":"post_tag","embeddable":true,"href":"http:\/\/www.jukkatakalo.fi\/index.php?rest_route=%2Fwp%2Fv2%2Ftags&post=898"}],"curies":[{"name":"wp","href":"https:\/\/api.w.org\/{rel}","templated":true}]}}